{"id":1896,"date":"2026-04-27T13:37:30","date_gmt":"2026-04-27T11:37:30","guid":{"rendered":"https:\/\/sport.uni-pannon.hu\/?p=1896"},"modified":"2026-04-27T13:37:39","modified_gmt":"2026-04-27T11:37:39","slug":"tobb-ezer-embert-mozgatott-meg-az-elso-negyedevben-a-sportregio-programsorozat","status":"publish","type":"post","link":"https:\/\/sport.uni-pannon.hu\/en\/tobb-ezer-embert-mozgatott-meg-az-elso-negyedevben-a-sportregio-programsorozat\/","title":{"rendered":"Thousands of people participated in the Sportr\u00e9gi\u00f3 programme series in the first quarter."},"content":{"rendered":"<p>A 2026-os \u00e9v eddig egy\u00e9rtelm\u0171en a mozg\u00e1sr\u00f3l \u00e9s a k\u00f6z\u00f6ss\u00e9g\u00e9p\u00edt\u00e9sr\u0151l sz\u00f3lt Veszpr\u00e9mben \u00e9s a t\u00e9rs\u00e9gben. A Veszpr\u00e9m-Balaton Eur\u00f3pa Sportr\u00e9gi\u00f3ja programsorozat els\u0151 negyed\u00e9ves m\u00e9rlege szerint t\u00f6bb ezres t\u00f6megsport-rendezv\u00e9nyek, eg\u00e9szs\u00e9g\u00fcgyi sz\u0171r\u0151programok \u00e9s egy izgalmas toronyfut\u00e1s is sz\u00ednes\u00edtette a tavaszi szezont.<\/p>\n\n\n\n<p>A 2025-\u00f6s felk\u00e9sz\u00fcl\u00e9si \u00e9vet k\u00f6vet\u0151en 2026 elej\u00e9n hivatalosan is \u00fatj\u00e1ra indult az Eur\u00f3pa Sportr\u00e9gi\u00f3ja programsorozat. A janu\u00e1r 30-i nyit\u00f3esem\u00e9nyen Veszpr\u00e9m \u00e9s 99 csatlakoz\u00f3 partnertelep\u00fcl\u00e9se er\u0151s\u00edtette meg elk\u00f6telez\u0151d\u00e9s\u00e9t a \u201eMozg\u00e1s \u00c9ve\u201d mellett. Az\u00f3ta eltelt h\u00e1rom h\u00f3nap, az els\u0151 negyed\u00e9v eredm\u00e9nyei pedig m\u00e1ris l\u00e1tv\u00e1nyosak.<\/p>\n\n\n\n<p>Az esem\u00e9nyek r\u00e9szletei <a href=\"https:\/\/vehir.hu\/cikk\/84398-tobb-ezer-embert-mozgatott-meg-az-elso-negyedevben-a-sportregio-programsorozat\">And<\/a> olvashat\u00f3k.<\/p>\n\n\n\n<div style=\"height:100px\" aria-hidden=\"true\" class=\"wp-block-spacer\"><\/div>\n\n\n\n<figure class=\"wp-block-image size-large\"><img fetchpriority=\"high\" decoding=\"async\" width=\"1024\" height=\"170\" src=\"https:\/\/sport.uni-pannon.hu\/wp-content\/uploads\/2026\/03\/sporteve-fisu-veb-tr-unipannon-1024x170.png\" alt=\"\" class=\"wp-image-1735\" srcset=\"https:\/\/sport.uni-pannon.hu\/wp-content\/uploads\/2026\/03\/sporteve-fisu-veb-tr-unipannon-1024x170.png 1024w, https:\/\/sport.uni-pannon.hu\/wp-content\/uploads\/2026\/03\/sporteve-fisu-veb-tr-unipannon-300x50.png 300w, https:\/\/sport.uni-pannon.hu\/wp-content\/uploads\/2026\/03\/sporteve-fisu-veb-tr-unipannon-768x128.png 768w, https:\/\/sport.uni-pannon.hu\/wp-content\/uploads\/2026\/03\/sporteve-fisu-veb-tr-unipannon-1536x255.png 1536w, https:\/\/sport.uni-pannon.hu\/wp-content\/uploads\/2026\/03\/sporteve-fisu-veb-tr-unipannon-18x3.png 18w, https:\/\/sport.uni-pannon.hu\/wp-content\/uploads\/2026\/03\/sporteve-fisu-veb-tr-unipannon.png 1638w\" sizes=\"(max-width: 1024px) 100vw, 1024px\" \/><\/figure>","protected":false},"excerpt":{"rendered":"<p>A 2026-os \u00e9v eddig egy\u00e9rtelm\u0171en a mozg\u00e1sr\u00f3l \u00e9s a k\u00f6z\u00f6ss\u00e9g\u00e9p\u00edt\u00e9sr\u0151l sz\u00f3lt Veszpr\u00e9mben \u00e9s a t\u00e9rs\u00e9gben. A Veszpr\u00e9m-Balaton Eur\u00f3pa Sportr\u00e9gi\u00f3ja programsorozat els\u0151 negyed\u00e9ves m\u00e9rlege szerint t\u00f6bb ezres t\u00f6megsport-rendezv\u00e9nyek, eg\u00e9szs\u00e9g\u00fcgyi sz\u0171r\u0151programok \u00e9s [&hellip;]<\/p>\n","protected":false},"author":7,"featured_media":1897,"comment_status":"closed","ping_status":"open","sticky":false,"template":"","format":"standard","meta":{"_acf_changed":false,"footnotes":""},"categories":[19],"tags":[],"class_list":["post-1896","post","type-post","status-publish","format-standard","has-post-thumbnail","hentry","category-hirek"],"acf":[],"_links":{"self":[{"href":"https:\/\/sport.uni-pannon.hu\/en\/wp-json\/wp\/v2\/posts\/1896","targetHints":{"allow":["GET"]}}],"collection":[{"href":"https:\/\/sport.uni-pannon.hu\/en\/wp-json\/wp\/v2\/posts"}],"about":[{"href":"https:\/\/sport.uni-pannon.hu\/en\/wp-json\/wp\/v2\/types\/post"}],"author":[{"embeddable":true,"href":"https:\/\/sport.uni-pannon.hu\/en\/wp-json\/wp\/v2\/users\/7"}],"replies":[{"embeddable":true,"href":"https:\/\/sport.uni-pannon.hu\/en\/wp-json\/wp\/v2\/comments?post=1896"}],"version-history":[{"count":1,"href":"https:\/\/sport.uni-pannon.hu\/en\/wp-json\/wp\/v2\/posts\/1896\/revisions"}],"predecessor-version":[{"id":1898,"href":"https:\/\/sport.uni-pannon.hu\/en\/wp-json\/wp\/v2\/posts\/1896\/revisions\/1898"}],"wp:featuredmedia":[{"embeddable":true,"href":"https:\/\/sport.uni-pannon.hu\/en\/wp-json\/wp\/v2\/media\/1897"}],"wp:attachment":[{"href":"https:\/\/sport.uni-pannon.hu\/en\/wp-json\/wp\/v2\/media?parent=1896"}],"wp:term":[{"taxonomy":"category","embeddable":true,"href":"https:\/\/sport.uni-pannon.hu\/en\/wp-json\/wp\/v2\/categories?post=1896"},{"taxonomy":"post_tag","embeddable":true,"href":"https:\/\/sport.uni-pannon.hu\/en\/wp-json\/wp\/v2\/tags?post=1896"}],"curies":[{"name":"wp","href":"https:\/\/api.w.org\/{rel}","templated":true}]}}